{"id":140,"date":"2015-12-15T12:31:38","date_gmt":"2015-12-15T12:31:38","guid":{"rendered":"http:\/\/conagopareazuay.gob.ec\/w30\/?p=140"},"modified":"2015-12-18T02:25:26","modified_gmt":"2015-12-18T02:25:26","slug":"con-inauguracion-del-parque-central-y-eleccion-de-cholita-jadan-inicia-sus-fiestas-de-parroquializacion","status":"publish","type":"post","link":"https:\/\/conagopareazuay.gob.ec\/w30\/con-inauguracion-del-parque-central-y-eleccion-de-cholita-jadan-inicia-sus-fiestas-de-parroquializacion\/","title":{"rendered":"Jadan elige chola e inaugura parque"},"content":{"rendered":"<div style=\"padding-bottom:20px; padding-top:10px;\" class=\"hupso-share-buttons\"><!-- Hupso Share Buttons - https:\/\/www.hupso.com\/share\/ --><a class=\"hupso_counters\" href=\"https:\/\/www.hupso.com\/share\/\"><img decoding=\"async\" src=\"https:\/\/static.hupso.com\/share\/buttons\/lang\/es\/share-small.png\" style=\"border:0px; padding-top:2px; float:left;\" alt=\"Share Button\"\/><\/a><script type=\"text\/javascript\">var hupso_services_c=new Array(\"twitter\",\"facebook_like\",\"facebook_send\");var hupso_counters_lang = \"es_LA\";var hupso_image_folder_url = \"\";var hupso_url_c=\"\";var hupso_title_c=\"Jadan%20elige%20chola%20e%20inaugura%20parque\";<\/script><script type=\"text\/javascript\" src=\"https:\/\/static.hupso.com\/share\/js\/counters.js\"><\/script><!-- Hupso Share Buttons --><\/div><p><strong>CON INAUGURACION DEL PARQUE CENTRAL Y ELECCI\u00d3N DE CHOLITA, JAD\u00c1N INICIA SUS FIESTAS DE PARROQUIALIZACI\u00d3N<\/strong><\/p>\n<p>La parroquia Jad\u00e1n cuenta con un renovado y moderno parque central mismo que ser\u00e1 entregado a la ciudadan\u00eda la noche de 12 de diciembre, con un programa especial que incluye la elecci\u00f3n de la Cholita Jadanense 2015 y con lo cual se da inicio con las festividades por los 229 de parroquializaci\u00f3n.<!--more--><\/p>\n<div id='gallery-1' class='gallery galleryid-140 gallery-columns-3 gallery-size-thumbnail'><figure class='gallery-item'>\n\t\t\t<div class='gallery-icon landscape'>\n\t\t\t\t<a href='https:\/\/conagopareazuay.gob.ec\/w30\/wp-content\/uploads\/2015\/12\/IMG_0277-Copy.jpg'><img decoding=\"async\" width=\"150\" height=\"150\" src=\"https:\/\/conagopareazuay.gob.ec\/w30\/wp-content\/uploads\/2015\/12\/IMG_0277-Copy-150x150.jpg\" class=\"attachment-thumbnail size-thumbnail\" alt=\"\" \/><\/a>\n\t\t\t<\/div><\/figure><figure class='gallery-item'>\n\t\t\t<div class='gallery-icon landscape'>\n\t\t\t\t<a href='https:\/\/conagopareazuay.gob.ec\/w30\/wp-content\/uploads\/2015\/12\/IMG_0280-Copy.jpg'><img decoding=\"async\" width=\"150\" height=\"150\" src=\"https:\/\/conagopareazuay.gob.ec\/w30\/wp-content\/uploads\/2015\/12\/IMG_0280-Copy-150x150.jpg\" class=\"attachment-thumbnail size-thumbnail\" alt=\"\" \/><\/a>\n\t\t\t<\/div><\/figure><figure class='gallery-item'>\n\t\t\t<div class='gallery-icon landscape'>\n\t\t\t\t<a href='https:\/\/conagopareazuay.gob.ec\/w30\/wp-content\/uploads\/2015\/12\/IMG_0281-Copy.jpg'><img decoding=\"async\" width=\"150\" height=\"150\" src=\"https:\/\/conagopareazuay.gob.ec\/w30\/wp-content\/uploads\/2015\/12\/IMG_0281-Copy-150x150.jpg\" class=\"attachment-thumbnail size-thumbnail\" alt=\"\" \/><\/a>\n\t\t\t<\/div><\/figure><figure class='gallery-item'>\n\t\t\t<div class='gallery-icon landscape'>\n\t\t\t\t<a href='https:\/\/conagopareazuay.gob.ec\/w30\/wp-content\/uploads\/2015\/12\/IMG_0282-Copy.jpg'><img loading=\"lazy\" decoding=\"async\" width=\"150\" height=\"150\" src=\"https:\/\/conagopareazuay.gob.ec\/w30\/wp-content\/uploads\/2015\/12\/IMG_0282-Copy-150x150.jpg\" class=\"attachment-thumbnail size-thumbnail\" alt=\"\" aria-describedby=\"gallery-1-144\" \/><\/a>\n\t\t\t<\/div>\n\t\t\t\t<figcaption class='wp-caption-text gallery-caption' id='gallery-1-144'>\n\t\t\t\t<a href=\"http:\/\/conagopareazuay.gob.ec\/w30\/?p=140\"><h5>Jadan elige chola e inaugura parque<\/h5><\/a>\n\t\t\t\t<\/figcaption><\/figure><figure class='gallery-item'>\n\t\t\t<div class='gallery-icon landscape'>\n\t\t\t\t<a href='https:\/\/conagopareazuay.gob.ec\/w30\/wp-content\/uploads\/2015\/12\/IMG_0283-Copy.jpg'><img loading=\"lazy\" decoding=\"async\" width=\"150\" height=\"150\" src=\"https:\/\/conagopareazuay.gob.ec\/w30\/wp-content\/uploads\/2015\/12\/IMG_0283-Copy-150x150.jpg\" class=\"attachment-thumbnail size-thumbnail\" alt=\"\" \/><\/a>\n\t\t\t<\/div><\/figure>\n\t\t<\/div>\n\n<p>Ren\u00e9 Lucero Presidente del GAD Parroquial informa que la remodelaci\u00f3n del Parque Central contempla la colocaci\u00f3n de juegos recreativos bio-saludables, construcci\u00f3n de 2 canchas; una de indor y otra de ecuavoley, grader\u00edos para 300 personas, caminer\u00edas y rampas de acceso para discapacitados, bater\u00edas sanitarias, \u00e1reas verdes y jardiner\u00eda, iluminaci\u00f3n p\u00fablica y ornamental, entre otras. Esta obra tiene una inversi\u00f3n de aproximadamente 200.000 d\u00f3lares.<br \/>\nLa inauguraci\u00f3n de este centro de recreaci\u00f3n se desarrollar\u00e1 a las 19h00 del d\u00eda s\u00e1bado con la elecci\u00f3n de la Cholita Jadanense 2015 en la que participaran ocho bellas candidatas que representan la inteligencia y cultura de la mujer de las comunidades de la parroquia, este evento se acompa\u00f1ar\u00e1 de un gran show art\u00edstico con la presencia del cantautor de m\u00fasica popular ecuatoriana \u00c1ngel Guaraca.<\/p>\n<p>De esta forma el Gobierno Parroquial de Jad\u00e1n da inicio a sus festividades y conmemora los 229 a\u00f1os de parroquializaci\u00f3n. Para complementar el benepl\u00e1cito de los habitantes esa noche adem\u00e1s la prefectura del Azuay realizar\u00e1 la entrega oficial del asfaltado de la v\u00eda Guangarcucho-Jad\u00e1n y las calles c\u00e9ntricas de la parroquia.<\/p>\n<p>El domingo 13 se participar\u00e1 de la Misa de Acci\u00f3n de Gracias por un aniversario m\u00e1s de parroquializaci\u00f3n de Jad\u00e1n a las 11h00, a las 17h00 comenzar\u00e1 el Show C\u00f3mico de Paolo Ladino y a las 18h00 Renato Abad\u00a0 \u201cAm\u00e9rico\u201d de Yo me llamo.<\/p>\n<p>El mi\u00e9rcoles 16 de Diciembre a las 09h00 se tiene previsto el Desfile C\u00edvico Estudiantil y Comunitario y a las 12h00 se dar\u00e1 inicio a la Sesi\u00f3n Solemne.<\/p>\n<p>El presidente del Gobierno Parroquial Ren\u00e9 Lucero al tiempo de invitar a la poblaci\u00f3n de la provincia y del Ecuador a que acompa\u00f1en a las festividades destaca los principales atractivos tur\u00edsticos de Jad\u00e1n como son: el Bosque Protector Aguarongo que fue declarado \u00c1rea de Bosque y Vegetaci\u00f3n Protectora en 1985, considerado un refugio para la fauna y flora caracter\u00edstica de estos h\u00e1bitats, en este lugar se encuentra el Centro de Interpretaci\u00f3n Aguarongo donde familias pueden disfrutar de la naturaleza; adem\u00e1s, a pocos minutos del centro parroquial se encuentra la comunidad El Carmen, aqu\u00ed se puede disfrutar de los trabajos realizados por las h\u00e1biles manos de la alfarera Sonia Cajamarca Bueno quien mantiene la tradiciones de anta\u00f1o a trav\u00e9s de la elaboraci\u00f3n de maravillosas artesan\u00edas echas de barro y arcilla.<\/p>\n<p>Para llegar a Jad\u00e1n desde la ciudad de Cuenca se lo puede hacer por dos v\u00edas: Guangarcucho-Jad\u00e1n-El Carmen y Cuenca-Santa Ana-Zhidmad-El Carmen. Y desde la ciudad de Gualaceo lo puede hacer por la v\u00eda Gualaceo \u2013 El Carmen \u2013 Jad\u00e1n.<br \/>\n{gspeech}<\/p>\n","protected":false},"excerpt":{"rendered":"<div style=\"padding-bottom:20px; padding-top:10px;\" class=\"hupso-share-buttons\"><!-- Hupso Share Buttons - https:\/\/www.hupso.com\/share\/ --><a class=\"hupso_counters\" href=\"https:\/\/www.hupso.com\/share\/\"><img src=\"https:\/\/static.hupso.com\/share\/buttons\/lang\/es\/share-small.png\" style=\"border:0px; padding-top:2px; float:left;\" alt=\"Share Button\"\/><\/a><script type=\"text\/javascript\">var hupso_services_c=new Array(\"twitter\",\"facebook_like\",\"facebook_send\");var hupso_counters_lang = \"es_LA\";var hupso_image_folder_url = \"\";var hupso_url_c=\"\";var hupso_title_c=\"Jadan%20elige%20chola%20e%20inaugura%20parque\";<\/script><script type=\"text\/javascript\" src=\"https:\/\/static.hupso.com\/share\/js\/counters.js\"><\/script><!-- Hupso Share Buttons --><\/div><p>CON INAUGURACION DEL PARQUE CENTRAL Y ELECCI\u00d3N DE CHOLITA, JAD\u00c1N INICIA SUS FIESTAS DE PARROQUIALIZACI\u00d3N La parroquia Jad\u00e1n cuenta con un renovado y moderno parque central mismo que ser\u00e1 entregado a la ciudadan\u00eda la noche de 12 de diciembre, con un programa especial que incluye la elecci\u00f3n de la Cholita Jadanense 2015 y con lo [&hellip;]<\/p>\n","protected":false},"author":1,"featured_media":0,"comment_status":"open","ping_status":"open","sticky":false,"template":"","format":"standard","meta":{"footnotes":""},"categories":[4],"tags":[],"class_list":["post-140","post","type-post","status-publish","format-standard","hentry","category-noticias","entry"],"_links":{"self":[{"href":"https:\/\/conagopareazuay.gob.ec\/w30\/wp-json\/wp\/v2\/posts\/140","targetHints":{"allow":["GET"]}}],"collection":[{"href":"https:\/\/conagopareazuay.gob.ec\/w30\/wp-json\/wp\/v2\/posts"}],"about":[{"href":"https:\/\/conagopareazuay.gob.ec\/w30\/wp-json\/wp\/v2\/types\/post"}],"author":[{"embeddable":true,"href":"https:\/\/conagopareazuay.gob.ec\/w30\/wp-json\/wp\/v2\/users\/1"}],"replies":[{"embeddable":true,"href":"https:\/\/conagopareazuay.gob.ec\/w30\/wp-json\/wp\/v2\/comments?post=140"}],"version-history":[{"count":7,"href":"https:\/\/conagopareazuay.gob.ec\/w30\/wp-json\/wp\/v2\/posts\/140\/revisions"}],"predecessor-version":[{"id":179,"href":"https:\/\/conagopareazuay.gob.ec\/w30\/wp-json\/wp\/v2\/posts\/140\/revisions\/179"}],"wp:attachment":[{"href":"https:\/\/conagopareazuay.gob.ec\/w30\/wp-json\/wp\/v2\/media?parent=140"}],"wp:term":[{"taxonomy":"category","embeddable":true,"href":"https:\/\/conagopareazuay.gob.ec\/w30\/wp-json\/wp\/v2\/categories?post=140"},{"taxonomy":"post_tag","embeddable":true,"href":"https:\/\/conagopareazuay.gob.ec\/w30\/wp-json\/wp\/v2\/tags?post=140"}],"curies":[{"name":"wp","href":"https:\/\/api.w.org\/{rel}","templated":true}]}}